{"id":10897,"date":"2025-06-19T10:46:53","date_gmt":"2025-06-19T08:46:53","guid":{"rendered":"https:\/\/sp22.pl\/nowa\/?p=10897"},"modified":"2025-06-24T17:42:54","modified_gmt":"2025-06-24T15:42:54","slug":"sukces-ucznia-w-konkursie-slowa-maja-wielka-moc","status":"publish","type":"post","link":"https:\/\/sp22.pl\/nowa\/index.php\/2025\/06\/19\/sukces-ucznia-w-konkursie-slowa-maja-wielka-moc\/","title":{"rendered":"Sukces Ucznia w konkursie \u201eS\u0142owa maj\u0105 wielk\u0105 moc\u201d"},"content":{"rendered":"<p class=\"western\"><span style=\"font-family: Arial, sans-serif; color: #000000;\">17 czerwca 2025 roku w auli Akademii Mazowieckiej w P\u0142ocku odby\u0142o si\u0119 uroczyste wr\u0119czenie nagr\u00f3d Laureatom III edycji Konkursu Polonistycznego pod has\u0142em \u201eS\u0142owa maj\u0105 wielk\u0105 moc\u201d. <\/span><span style=\"font-family: Arial, sans-serif; color: #000000;\">W przedsi\u0119wzi\u0119ciu wzi\u0119li udzia\u0142 uczniowie ze szk\u00f3\u0142 podstawowych z obszaru wojew\u00f3dztwa mazowieckiego. M\u0142odzi ludzie wykazali si\u0119&nbsp; niezwyk\u0142ym talentem pisarskim.<\/span><\/p>\n<p class=\"western\"><span style=\"font-family: Arial, sans-serif; color: #000000;\">W kategorii kl. VII-VIII pierwsze miejsce zaj\u0105\u0142 Ucze\u0144 naszej szko\u0142y &#8211; Igor Bijak, kt\u00f3ry napisa\u0142 opowiadanie pt. \u201eRAKostw\u00f3r\u201d. Serdecznie gratulujemy i \u017cyczymy dalszych sukces\u00f3w! <\/span><\/p>\n<p class=\"western\"><em><span style=\"font-family: Arial, sans-serif; color: #000000;\">Opracowanie materia\u0142u: Anna Cybulska<\/span><\/em><\/p>\nngg_shortcode_0_placeholder\n","protected":false},"excerpt":{"rendered":"<p>&#46;&#46;&#46;<\/p>\n","protected":false},"author":8,"featured_media":10905,"comment_status":"open","ping_status":"open","sticky":false,"template":"","format":"standard","meta":{"ngg_post_thumbnail":0,"footnotes":""},"categories":[1],"tags":[],"class_list":["post-10897","post","type-post","status-publish","format-standard","has-post-thumbnail","hentry","category-wiadomosci"],"_links":{"self":[{"href":"https:\/\/sp22.pl\/nowa\/index.php\/wp-json\/wp\/v2\/posts\/10897","targetHints":{"allow":["GET"]}}],"collection":[{"href":"https:\/\/sp22.pl\/nowa\/index.php\/wp-json\/wp\/v2\/posts"}],"about":[{"href":"https:\/\/sp22.pl\/nowa\/index.php\/wp-json\/wp\/v2\/types\/post"}],"author":[{"embeddable":true,"href":"https:\/\/sp22.pl\/nowa\/index.php\/wp-json\/wp\/v2\/users\/8"}],"replies":[{"embeddable":true,"href":"https:\/\/sp22.pl\/nowa\/index.php\/wp-json\/wp\/v2\/comments?post=10897"}],"version-history":[{"count":3,"href":"https:\/\/sp22.pl\/nowa\/index.php\/wp-json\/wp\/v2\/posts\/10897\/revisions"}],"predecessor-version":[{"id":10904,"href":"https:\/\/sp22.pl\/nowa\/index.php\/wp-json\/wp\/v2\/posts\/10897\/revisions\/10904"}],"wp:featuredmedia":[{"embeddable":true,"href":"https:\/\/sp22.pl\/nowa\/index.php\/wp-json\/wp\/v2\/media\/10905"}],"wp:attachment":[{"href":"https:\/\/sp22.pl\/nowa\/index.php\/wp-json\/wp\/v2\/media?parent=10897"}],"wp:term":[{"taxonomy":"category","embeddable":true,"href":"https:\/\/sp22.pl\/nowa\/index.php\/wp-json\/wp\/v2\/categories?post=10897"},{"taxonomy":"post_tag","embeddable":true,"href":"https:\/\/sp22.pl\/nowa\/index.php\/wp-json\/wp\/v2\/tags?post=10897"}],"curies":[{"name":"wp","href":"https:\/\/api.w.org\/{rel}","templated":true}]}}