{"id":10877,"date":"2025-06-10T10:32:15","date_gmt":"2025-06-10T08:32:15","guid":{"rendered":"https:\/\/sp22.pl\/nowa\/?p=10877"},"modified":"2025-06-24T10:48:44","modified_gmt":"2025-06-24T08:48:44","slug":"10877","status":"publish","type":"post","link":"https:\/\/sp22.pl\/nowa\/index.php\/2025\/06\/10\/10877\/","title":{"rendered":"Wiosna z j\u0119zykiem niemieckim"},"content":{"rendered":"<p><span style=\"color: #000000;\">J\u0119zyk niemiecki jest w naszej szkole drugim j\u0119zykiem obcym, kt\u00f3rego nauk\u0119 uczniowie rozpoczynaj\u0105 w si\u00f3dmej klasie. Jest to ambitne wyzwanie, lecz nie brakuje m\u0142odych os\u00f3b, kt\u00f3re z zaanga\u017cowaniem podchodz\u0105 do nauki nowego j\u0119zyka obcego. Z my\u015bl\u0105 o nich przygotowali\u015bmy szkolny konkurs leksykalno-krajoznawczy &#8222;Deutschmeister&#8221;. Si\u00f3dmoklasi\u015bci zmierzyli si\u0119 z poznanym w ci\u0105gu ca\u0142ego roku szkolnego s\u0142ownictwem, z takich dziedzin jak: rodzina, szko\u0142a czy \u017cycie codzienne.<\/span><\/p>\n<p><span style=\"color: #000000;\">Ponadto do rozwi\u0105zania by\u0142 test z wiedzy o krajach niemieckiego obszaru j\u0119zykowego, kt\u00f3ry sprawdza\u0142 wiadomo\u015bci na temat ilo\u015b\u0107 land\u00f3w w&nbsp;Niemczech, j\u0119zyka urz\u0119dowego Szwajcarii, czy austriackich potraw narodowych.<\/span><\/p>\n<p><span style=\"color: #000000;\">Dzi\u0119ki ufundowaniu przez Rad\u0119 Rodzic\u00f3w naszej szko\u0142y bon\u00f3w podarunkowych mogli\u015bmy nagrodzi\u0107 troje Uczni\u00f3w z najwy\u017cszym \u0142\u0105cznym wynikiem w dwudniowych zmaganiach konkursowych. P\u0142ocki oddzia\u0142 Polskiego Stowarzyszenia Nauczycieli J\u0119zyka Niemieckiego ufundowa\u0142 tak\u017ce nagrod\u0119 ksi\u0105\u017ckow\u0105 dla osoby z najwy\u017cszym wynikiem z cz\u0119\u015bci kulturoznawczej.<\/span><\/p>\n<p><span style=\"color: #000000;\">W pierwszej edycji konkursu &#8222;Deutschmeister&#8221; najlepsza okaza\u0142a si\u0119 Wiktoria Rychlik z klasy 7B, uczennica pani Moniki Kopki-Wonsowskiej, kt\u00f3ra zdoby\u0142a tak\u017ce wyr\u00f3\u017cnienie za wiedz\u0119 o krajach niemieckiego obszaru j\u0119zykowego. Na drugim miejscu by\u0142a Natasza Bejger, uczennica klasy 7B, za\u015b trzecie miejsce przypad\u0142o w udziale Adamowi Korbie z klasy 7G, kt\u00f3rzy s\u0105 uczniami pani Katarzyny Oziemblewskiej.<\/span><\/p>\n<p><span style=\"color: #000000;\">Na uczni\u00f3w klas \u00f3smych, kt\u00f3rzy polubili j\u0119zyk niemiecki, r\u00f3wnie\u017c czeka\u0142a w ostatnich tygodniach mi\u0142a zabawa &#8211; udzia\u0142 w grze miejskiej &#8222;Deutsch in P\u0142ock&#8221;. Uczniowie z klasy 8D &#8211; Maja Janus, Zosia Wiktorowska oraz Adam Celmer pod opiek\u0105 swojej germanistki pani Katarzyny Oziemblewskiej reprezentowali szko\u0142\u0119 w konkursie dru\u017cynowym organizowanym przez Mazowieckie Samorz\u0105dowe Centrum Kszta\u0142cenia Nauczycieli w P\u0142ocku oraz p\u0142ocki oddzia\u0142 Polskiego Stowarzyszenia Nauczycieli J\u0119zyka Niemieckiego. Gra miejska rozpocz\u0119\u0142a si\u0119 w Domu Darmstadt, gdzie ka\u017cda dru\u017cyna otrzyma\u0142a list\u0119 miejsc do odwiedzenia na Starym Mie\u015bcie w P\u0142ocku. Na ka\u017cdym z tych przystank\u00f3w czeka\u0142y zadania do wykonania, za kt\u00f3re dru\u017cyna otrzymywa\u0142a punkty. Podczas sprawdzenia swojej wiedzy z j\u0119zyka niemieckiego uczniowie mieli okazj\u0119 odwiedzi\u0107 wie\u017c\u0119 Ma\u0142achowianki, bibliotek\u0119 Domu Darmstadt czy lodziarni\u0119 Familijn\u0105, gdzie otrzymali zam\u00f3wione po niemiecku lody. Zabawa by\u0142a znakomita, a wiedza i determinacja naszych uczni\u00f3w pozwoli\u0142a im zaj\u0105\u0107 drugie miejsce w\u015br\u00f3d wszystkich zg\u0142oszonych dru\u017cyn!<\/span><\/p>\n<p><span style=\"color: #000000;\">Jeste\u015bmy dumni z naszych Uczni\u00f3w, \u017ce z takim zaanga\u017cowaniem wzi\u0119li udzia\u0142 w organizowanych wydarzeniach dotycz\u0105cych j\u0119zyka niemieckiego! Zapraszamy do udzia\u0142u w kolejnych w nowym roku szkolnym!<\/span><\/p>\n<p><span style=\"color: #000000;\"><em>Opracowanie materia\u0142u: Katarzyna Oziemblewska&nbsp;<\/em><\/span><\/p>\nngg_shortcode_0_placeholder\n","protected":false},"excerpt":{"rendered":"<p>&#46;&#46;&#46;<\/p>\n","protected":false},"author":5,"featured_media":10894,"comment_status":"open","ping_status":"open","sticky":false,"template":"","format":"standard","meta":{"ngg_post_thumbnail":0,"footnotes":""},"categories":[1],"tags":[],"class_list":["post-10877","post","type-post","status-publish","format-standard","has-post-thumbnail","hentry","category-wiadomosci"],"_links":{"self":[{"href":"https:\/\/sp22.pl\/nowa\/index.php\/wp-json\/wp\/v2\/posts\/10877","targetHints":{"allow":["GET"]}}],"collection":[{"href":"https:\/\/sp22.pl\/nowa\/index.php\/wp-json\/wp\/v2\/posts"}],"about":[{"href":"https:\/\/sp22.pl\/nowa\/index.php\/wp-json\/wp\/v2\/types\/post"}],"author":[{"embeddable":true,"href":"https:\/\/sp22.pl\/nowa\/index.php\/wp-json\/wp\/v2\/users\/5"}],"replies":[{"embeddable":true,"href":"https:\/\/sp22.pl\/nowa\/index.php\/wp-json\/wp\/v2\/comments?post=10877"}],"version-history":[{"count":4,"href":"https:\/\/sp22.pl\/nowa\/index.php\/wp-json\/wp\/v2\/posts\/10877\/revisions"}],"predecessor-version":[{"id":10896,"href":"https:\/\/sp22.pl\/nowa\/index.php\/wp-json\/wp\/v2\/posts\/10877\/revisions\/10896"}],"wp:featuredmedia":[{"embeddable":true,"href":"https:\/\/sp22.pl\/nowa\/index.php\/wp-json\/wp\/v2\/media\/10894"}],"wp:attachment":[{"href":"https:\/\/sp22.pl\/nowa\/index.php\/wp-json\/wp\/v2\/media?parent=10877"}],"wp:term":[{"taxonomy":"category","embeddable":true,"href":"https:\/\/sp22.pl\/nowa\/index.php\/wp-json\/wp\/v2\/categories?post=10877"},{"taxonomy":"post_tag","embeddable":true,"href":"https:\/\/sp22.pl\/nowa\/index.php\/wp-json\/wp\/v2\/tags?post=10877"}],"curies":[{"name":"wp","href":"https:\/\/api.w.org\/{rel}","templated":true}]}}