{"id":10855,"date":"2025-06-17T18:13:35","date_gmt":"2025-06-17T16:13:35","guid":{"rendered":"https:\/\/sp22.pl\/nowa\/?p=10855"},"modified":"2025-06-24T10:28:12","modified_gmt":"2025-06-24T08:28:12","slug":"apteczka-pierwszej-pomocy-emocjonalnej","status":"publish","type":"post","link":"https:\/\/sp22.pl\/nowa\/index.php\/2025\/06\/17\/apteczka-pierwszej-pomocy-emocjonalnej\/","title":{"rendered":"Apteczka Pierwszej Pomocy Emocjonalnej"},"content":{"rendered":"<p><span style=\"color: #000000;\">Realizacja 1. cz\u0119\u015bci programu \u201eApteczka Pierwszej Pomocy Emocjonalnej\u201d<\/span><\/p>\n<p><span style=\"color: #000000;\">W II semestrze roku szkolnego 2024\/2025 w naszej szkole przeprowadzono cykl zaj\u0119\u0107 w ramach 1. cz\u0119\u015bci programu \u201eApteczka Pierwszej Pomocy Emocjonalnej\u201d. Zaj\u0119cia odbywa\u0142y si\u0119 w grupach uczni\u00f3w klas III\u2013VI, a uczestniczy\u0142y w nich ch\u0119tne osoby z wytypowanych klas.<\/span><\/p>\n<p><span style=\"color: #000000;\">Zaj\u0119cia prowadzi\u0142y cztery nauczycielki: Magdalena Krukowska, Celina Krysi\u0144ska, Agnieszka So\u0142tysiak i Aneta Szatkowska, kt\u00f3re wcze\u015bniej uko\u0144czy\u0142y kurs dla realizator\u00f3w ww. programu. Ka\u017cda grupa zrealizowa\u0142a 15 godzin dydaktycznych, podczas kt\u00f3rych uczestnicy pracowali nad rozwijaniem umiej\u0119tno\u015bci spo\u0142ecznych, emocjonalnych i odporno\u015bci psychicznej. Program zosta\u0142 oparty na za\u0142o\u017ceniach psychologii pozytywnej, inspirowanej teoriami Martina E.P. Seligmana.<\/span><\/p>\n<p><span style=\"color: #000000;\">Celem zaj\u0119\u0107 by\u0142o nie tylko wsparcie dzieci w radzeniu sobie z trudnymi emocjami, ale r\u00f3wnie\u017c nauka optymistycznego podej\u015bcia do codziennych sytuacji, kszta\u0142towanie pozytywnych postaw oraz budowanie umiej\u0119tno\u015bci rozwi\u0105zywania problem\u00f3w i wzmacnianie samooceny.<\/span><\/p>\n<p><span style=\"color: #000000;\">Program obejmowa\u0142 10 blok\u00f3w tematycznych, kt\u00f3re w przyst\u0119pny spos\u00f3b porusza\u0142y zagadnienia takie jak:<\/span><\/p>\n<ul>\n<li><span style=\"color: #000000;\">rozpoznawanie i nazywanie emocji,<\/span><\/li>\n<li><span style=\"color: #000000;\">rozwijanie poczucia w\u0142asnej warto\u015bci,<\/span><\/li>\n<li><span style=\"color: #000000;\">radzenie sobie ze stresem i pora\u017ck\u0105,<\/span><\/li>\n<li><span style=\"color: #000000;\">budowanie pozytywnych relacji,<\/span><\/li>\n<li><span style=\"color: #000000;\">rozwijanie empatii,<\/span><\/li>\n<li><span style=\"color: #000000;\">planowanie i osi\u0105ganie cel\u00f3w,<\/span><\/li>\n<li><span style=\"color: #000000;\">piel\u0119gnowanie nadziei i wdzi\u0119czno\u015bci.<\/span><\/li>\n<\/ul>\n<p><span style=\"color: #000000;\">Zaj\u0119cia cieszy\u0142y si\u0119 zainteresowaniem i by\u0142y pozytywnie odbierane przez uczestnik\u00f3w. W trakcie spotka\u0144 Uczniowie ch\u0119tnie brali udzia\u0142 w proponowanych \u0107wiczeniach, dzielili si\u0119 przemy\u015bleniami i obserwowali post\u0119py w umiej\u0119tno\u015bciach spo\u0142eczno-emocjonalnych.<\/span><\/p>\n<ol start=\"2\">\n<li><span style=\"color: #000000;\">cz\u0119\u015b\u0107 programu przewidziana jest na I semestr roku szkolnego 2025\/2026.<\/span><\/li>\n<\/ol>\n<p><span style=\"color: #000000;\"><em>Opracowanie materia\u0142u: Celina Krysi\u0144ska<\/em><\/span><\/p>\nngg_shortcode_0_placeholder\n","protected":false},"excerpt":{"rendered":"<p>&#46;&#46;&#46;<\/p>\n","protected":false},"author":5,"featured_media":10876,"comment_status":"open","ping_status":"open","sticky":false,"template":"","format":"standard","meta":{"ngg_post_thumbnail":0,"footnotes":""},"categories":[1],"tags":[],"class_list":["post-10855","post","type-post","status-publish","format-standard","has-post-thumbnail","hentry","category-wiadomosci"],"_links":{"self":[{"href":"https:\/\/sp22.pl\/nowa\/index.php\/wp-json\/wp\/v2\/posts\/10855","targetHints":{"allow":["GET"]}}],"collection":[{"href":"https:\/\/sp22.pl\/nowa\/index.php\/wp-json\/wp\/v2\/posts"}],"about":[{"href":"https:\/\/sp22.pl\/nowa\/index.php\/wp-json\/wp\/v2\/types\/post"}],"author":[{"embeddable":true,"href":"https:\/\/sp22.pl\/nowa\/index.php\/wp-json\/wp\/v2\/users\/5"}],"replies":[{"embeddable":true,"href":"https:\/\/sp22.pl\/nowa\/index.php\/wp-json\/wp\/v2\/comments?post=10855"}],"version-history":[{"count":2,"href":"https:\/\/sp22.pl\/nowa\/index.php\/wp-json\/wp\/v2\/posts\/10855\/revisions"}],"predecessor-version":[{"id":10875,"href":"https:\/\/sp22.pl\/nowa\/index.php\/wp-json\/wp\/v2\/posts\/10855\/revisions\/10875"}],"wp:featuredmedia":[{"embeddable":true,"href":"https:\/\/sp22.pl\/nowa\/index.php\/wp-json\/wp\/v2\/media\/10876"}],"wp:attachment":[{"href":"https:\/\/sp22.pl\/nowa\/index.php\/wp-json\/wp\/v2\/media?parent=10855"}],"wp:term":[{"taxonomy":"category","embeddable":true,"href":"https:\/\/sp22.pl\/nowa\/index.php\/wp-json\/wp\/v2\/categories?post=10855"},{"taxonomy":"post_tag","embeddable":true,"href":"https:\/\/sp22.pl\/nowa\/index.php\/wp-json\/wp\/v2\/tags?post=10855"}],"curies":[{"name":"wp","href":"https:\/\/api.w.org\/{rel}","templated":true}]}}