{"id":10842,"date":"2025-06-05T09:21:52","date_gmt":"2025-06-05T07:21:52","guid":{"rendered":"https:\/\/sp22.pl\/nowa\/?p=10842"},"modified":"2025-07-01T19:03:17","modified_gmt":"2025-07-01T17:03:17","slug":"przyjazna-klasa-maj","status":"publish","type":"post","link":"https:\/\/sp22.pl\/nowa\/index.php\/2025\/06\/05\/przyjazna-klasa-maj\/","title":{"rendered":"Przyjazna klasa &#8211; maj"},"content":{"rendered":"<p><span style=\"color: #000000;\">W maju, podczas Festynu Rodzinnego, w naszej szkole odby\u0142a si\u0119 kolejna edycja Szkolnego Przegl\u0105du Talent\u00f3w &#8222;Talentaria&#8221; ciesz\u0105cego si\u0119 du\u017cym zainteresowaniem w\u015br\u00f3d uczni\u00f3w klas I\u2013VIII. Uczniowie zaprezentowali swoje umiej\u0119tno\u015bci w takich dziedzinach jak: \u015bpiew, taniec, recytacja, \u017conglerka, gra na instrumentach oraz uk\u0142adanie kostki Rubika na czas.<\/span><\/p>\n<p><span style=\"color: #000000;\">Nowo\u015bci\u0105 tegorocznej edycji by\u0142y wyst\u0119py grupowe, w kt\u00f3re aktywnie zaanga\u017cowa\u0142y si\u0119 niekt\u00f3re klasy, w\u0142\u0105czaj\u0105c si\u0119 tym samym w realizacj\u0119 zada\u0144 konkursowych w ramach inicjatywy Samorz\u0105du Uczniowskiego &#8222;Przyjazna Klasa&#8221;. Zgodnie z regulaminem konkursu, klasy te, otrzyma\u0142y po 5 dodatkowych punkt\u00f3w w og\u00f3lnym rozliczeniu.<\/span><\/p>\n<p><span style=\"color: #000000;\">Wszystkie wyst\u0119py by\u0142y efektem wielu godzin pr\u00f3b, wsp\u00f3lnej pracy oraz budowania relacji. Ca\u0142o\u015bci wydarzenia towarzyszy\u0142a serdeczna atmosfera, wzajemne wsparcie i entuzjazm.<\/span><\/p>\n<p><span style=\"color: #000000;\">Serdecznie dzi\u0119kujemy wszystkim uczestnikom oraz opiekunom za zaanga\u017cowanie i wk\u0142ad w rozw\u00f3j przyjaznych relacji klasowych.<\/span><\/p>\n<p><em><span style=\"color: #000000;\">opracowanie materia\u0142u: Celina Krysi\u0144ska<\/span><\/em><\/p>\n<p><img loading=\"lazy\" decoding=\"async\" class=\"alignnone size-medium wp-image-10844\" src=\"https:\/\/sp22.pl\/nowa\/wp-content\/uploads\/2025\/06\/foto_1-300x200.jpg\" alt=\"Foto_1 na tle budynku szko\u0142y znajduje si\u0119 tablica z granatowym t\u0142em i du\u017cym, kolorowym napisem &quot;TALENTARIA&quot;. Pod napisem mn\u00f3swtwo zdj\u0119\u0107 uczni\u00f3w jednej z klas bior\u0105cych udzia\u0142 w konkursie &quot;Przyjazna Klasa&quot;.\" width=\"300\" height=\"200\" srcset=\"https:\/\/sp22.pl\/nowa\/wp-content\/uploads\/2025\/06\/foto_1-300x200.jpg 300w, https:\/\/sp22.pl\/nowa\/wp-content\/uploads\/2025\/06\/foto_1-768x512.jpg 768w, https:\/\/sp22.pl\/nowa\/wp-content\/uploads\/2025\/06\/foto_1.jpg 1024w\" sizes=\"auto, (max-width: 300px) 100vw, 300px\" \/> <img loading=\"lazy\" decoding=\"async\" class=\"alignnone size-medium wp-image-10845\" src=\"https:\/\/sp22.pl\/nowa\/wp-content\/uploads\/2025\/06\/foto_2-300x200.jpg\" alt=\"Foto_2 scena ustawiona przed budynkiem szko\u0142y w pogodny dzie\u0144. Na scenie grupa kilkunastu przedstawicieli r\u00f3\u017cnych klas, bioracych udzia\u0142 w wydarzeniu. Z jednej strony organizatorka Talentarii, a z drugiej przemawiaj\u0105ca przez mikrofon Wicedyrektorka. Na pierwszym planie tablica ze zdj\u0119ciami uczestnik\u00f3w konkursu, a w tle du\u017ca p\u0142achta z wizerunkiem szcz\u0119\u015bliwej rodziny.\" width=\"300\" height=\"200\" srcset=\"https:\/\/sp22.pl\/nowa\/wp-content\/uploads\/2025\/06\/foto_2-300x200.jpg 300w, https:\/\/sp22.pl\/nowa\/wp-content\/uploads\/2025\/06\/foto_2-768x512.jpg 768w, https:\/\/sp22.pl\/nowa\/wp-content\/uploads\/2025\/06\/foto_2.jpg 1024w\" sizes=\"auto, (max-width: 300px) 100vw, 300px\" \/> <img loading=\"lazy\" decoding=\"async\" class=\"alignnone size-medium wp-image-10846\" src=\"https:\/\/sp22.pl\/nowa\/wp-content\/uploads\/2025\/06\/foto_3-300x200.jpg\" alt=\"Foto_3 grupa wielu ludzi doros\u0142ych i dzieci b\u0119d\u0105cych w\u015br\u00f3d publiczno\u015bci ogl\u0105daj\u0105cej wyst\u0119py na scenie. Wszyscy w pogodnych nastrojach, niekt\u00f3rzy wykonuj\u0105 zdj\u0119cia telefonami kom\u00f3rkowymi.\" width=\"300\" height=\"200\" srcset=\"https:\/\/sp22.pl\/nowa\/wp-content\/uploads\/2025\/06\/foto_3-300x200.jpg 300w, https:\/\/sp22.pl\/nowa\/wp-content\/uploads\/2025\/06\/foto_3-768x512.jpg 768w, https:\/\/sp22.pl\/nowa\/wp-content\/uploads\/2025\/06\/foto_3.jpg 1024w\" sizes=\"auto, (max-width: 300px) 100vw, 300px\" \/><\/p>\n","protected":false},"excerpt":{"rendered":"<p>&#46;&#46;&#46;<\/p>\n","protected":false},"author":5,"featured_media":10849,"comment_status":"open","ping_status":"open","sticky":false,"template":"","format":"standard","meta":{"ngg_post_thumbnail":0,"footnotes":""},"categories":[1],"tags":[],"class_list":["post-10842","post","type-post","status-publish","format-standard","has-post-thumbnail","hentry","category-wiadomosci"],"_links":{"self":[{"href":"https:\/\/sp22.pl\/nowa\/index.php\/wp-json\/wp\/v2\/posts\/10842","targetHints":{"allow":["GET"]}}],"collection":[{"href":"https:\/\/sp22.pl\/nowa\/index.php\/wp-json\/wp\/v2\/posts"}],"about":[{"href":"https:\/\/sp22.pl\/nowa\/index.php\/wp-json\/wp\/v2\/types\/post"}],"author":[{"embeddable":true,"href":"https:\/\/sp22.pl\/nowa\/index.php\/wp-json\/wp\/v2\/users\/5"}],"replies":[{"embeddable":true,"href":"https:\/\/sp22.pl\/nowa\/index.php\/wp-json\/wp\/v2\/comments?post=10842"}],"version-history":[{"count":4,"href":"https:\/\/sp22.pl\/nowa\/index.php\/wp-json\/wp\/v2\/posts\/10842\/revisions"}],"predecessor-version":[{"id":11117,"href":"https:\/\/sp22.pl\/nowa\/index.php\/wp-json\/wp\/v2\/posts\/10842\/revisions\/11117"}],"wp:featuredmedia":[{"embeddable":true,"href":"https:\/\/sp22.pl\/nowa\/index.php\/wp-json\/wp\/v2\/media\/10849"}],"wp:attachment":[{"href":"https:\/\/sp22.pl\/nowa\/index.php\/wp-json\/wp\/v2\/media?parent=10842"}],"wp:term":[{"taxonomy":"category","embeddable":true,"href":"https:\/\/sp22.pl\/nowa\/index.php\/wp-json\/wp\/v2\/categories?post=10842"},{"taxonomy":"post_tag","embeddable":true,"href":"https:\/\/sp22.pl\/nowa\/index.php\/wp-json\/wp\/v2\/tags?post=10842"}],"curies":[{"name":"wp","href":"https:\/\/api.w.org\/{rel}","templated":true}]}}