{"id":10817,"date":"2025-06-17T08:13:49","date_gmt":"2025-06-17T06:13:49","guid":{"rendered":"https:\/\/sp22.pl\/nowa\/?p=10817"},"modified":"2025-06-24T10:09:16","modified_gmt":"2025-06-24T08:09:16","slug":"kolo-samorzadu-uczniowskiego-podsumowanie-dzialalnosci-2024-2025","status":"publish","type":"post","link":"https:\/\/sp22.pl\/nowa\/index.php\/2025\/06\/17\/kolo-samorzadu-uczniowskiego-podsumowanie-dzialalnosci-2024-2025\/","title":{"rendered":"Ko\u0142o Samorz\u0105du Uczniowskiego \u2013 podsumowanie dzia\u0142alno\u015bci 2024\/2025"},"content":{"rendered":"<p><span style=\"color: #000000;\"><span style=\"font-family: Arial, sans-serif;\">W roku szkolnym 2024\/2025 w naszej szkole dzia\u0142a\u0142o <\/span><span style=\"font-family: Arial, sans-serif;\">Ko\u0142o Samorz\u0105du Uczniowskiego<\/span><span style=\"font-family: Arial, sans-serif;\">, kt\u00f3re skupia\u0142o uczni\u00f3w zainteresowanych aktywnym udzia\u0142em w \u017cyciu szko\u0142y. Opiek\u0119 nad ko\u0142em sprawowa\u0142a p. Celina Krysi\u0144ska, a bardzo cz\u0119sto wsp\u00f3\u0142pracowa\u0142a r\u00f3wnie\u017c p. Aneta Szatkowska.<\/span><\/span><\/p>\n<p><span style=\"color: #000000;\"><span style=\"font-family: Arial, sans-serif;\">Na cotygodniowe spotkania ko\u0142a systematycznie ucz\u0119szcza\u0142o oko\u0142o <\/span><span style=\"font-family: Arial, sans-serif;\">12 uczni\u00f3w<\/span><span style=\"font-family: Arial, sans-serif;\"> z klas 5, 7 i 8.<br \/>\nW ci\u0105gu roku przewin\u0119\u0142o si\u0119 jednak wi\u0119cej uczestnik\u00f3w \u2013 ich obecno\u015b\u0107 by\u0142a uzale\u017cniona od zmian w planach lekcji, ale mimo to grupa utrzyma\u0142a sw\u00f3j aktywny charakter przez ca\u0142y rok szkolny.<\/span><\/span><\/p>\n<p><span style=\"color: #000000;\"><span style=\"font-family: Arial, sans-serif;\">Cz\u0142onkowie ko\u0142a brali <\/span><span style=\"font-family: Arial, sans-serif;\">czynny udzia\u0142 w organizacji i realizacji niemal wszystkich dzia\u0142a\u0144 podejmowanych przez Samorz\u0105d Uczniowski<\/span><span style=\"font-family: Arial, sans-serif;\">. Wyr\u00f3\u017cniali si\u0119 zaanga\u017cowaniem, odpowiedzialno\u015bci\u0105 i kreatywno\u015bci\u0105 \u2013 niejednokrotnie po\u015bwi\u0119caj\u0105c sw\u00f3j wolny czas, by dopi\u0105\u0107 szczeg\u00f3\u0142y organizacyjne lub przygotowa\u0107 potrzebne materia\u0142y.<\/span><\/span><\/p>\n<p><span style=\"font-family: Arial, sans-serif; color: #000000;\">Uczniowie z ko\u0142a byli wsp\u00f3\u0142autorami takich inicjatyw jak:<\/span><\/p>\n<ul>\n<li><span style=\"font-family: Arial, sans-serif; color: #000000;\">Apel Sukces\u00f3w (edycja jesienna i wiosenna),<\/span><\/li>\n<li><span style=\"font-family: Arial, sans-serif; color: #000000;\">Dzie\u0144 Ch\u0142opaka,<\/span><\/li>\n<li><span style=\"font-family: Arial, sans-serif; color: #000000;\">Dzie\u0144 Edukacji Narodowej,<\/span><\/li>\n<li><span style=\"font-family: Arial, sans-serif; color: #000000;\">Dzie\u0144 \u017byczliwo\u015bci,<\/span><\/li>\n<li><span style=\"font-family: Arial, sans-serif; color: #000000;\">Szkolne Walentynki,<\/span><\/li>\n<li><span style=\"font-family: Arial, sans-serif; color: #000000;\">Dzie\u0144 Kobiet,<\/span><\/li>\n<li><span style=\"font-family: Arial, sans-serif; color: #000000;\">Dzie\u0144 Pluszowego Misia,<\/span><\/li>\n<li><span style=\"font-family: Arial, sans-serif; color: #000000;\">Dzie\u0144 Postaci z Bajek,<\/span><\/li>\n<li><span style=\"font-family: Arial, sans-serif; color: #000000;\">przygotowywanie kotylion\u00f3w na Koncert Patriotyczny<\/span><\/li>\n<li><span style=\"font-family: Arial, sans-serif; color: #000000;\">oraz wiele innych wydarze\u0144 i akcji z kalendarza SU.<\/span><\/li>\n<\/ul>\n<p><span style=\"color: #000000;\"><span style=\"font-family: Arial, sans-serif;\">Warto podkre\u015bli\u0107, \u017ce cho\u0107 cz\u0142onkowie ko\u0142a nie organizowali takich aktywno\u015bci Samorz\u0105du Uczniowskiego jak: konkurs \u201ePrzyjazna Klasa\u201d oraz konkursy dekoracyjne dla klas I\u2013III, to <\/span><span style=\"font-family: Arial, sans-serif;\">aktywnie wspierali wszystkie pozosta\u0142e dzia\u0142ania SU<\/span><span style=\"font-family: Arial, sans-serif;\">, wnosz\u0105c do nich pozytywn\u0105 energi\u0119, pomys\u0142owo\u015b\u0107 i zaanga\u017cowanie. <\/span><\/span><\/p>\n<p><span style=\"font-family: Arial, sans-serif; color: #000000;\">Wszyscy uczestnicy Ko\u0142a wk\u0142adali mn\u00f3stwo pracy i serca w \u017cycie naszej szko\u0142y, rozwijaj\u0105c si\u0119 przy tym jako m\u0142odzi liderzy i obywatele naszej spo\u0142eczno\u015bci.<\/span><\/p>\n<p><span style=\"font-family: Arial, sans-serif; color: #000000;\">Wszystkie aktywno\u015bci mo\u017cna obejrze\u0107 na stronie internetowej szko\u0142y w zak\u0142adce: STREFA UCZNIA \u2192 Samorz\u0105d Uczniowski. Polecamy!<\/span><\/p>\n<p><span style=\"color: #000000;\"><em>Opracowanie materia\u0142u: Celina Krysi\u0144ska<\/em><\/span><\/p>\nngg_shortcode_0_placeholder\n","protected":false},"excerpt":{"rendered":"<p>&#46;&#46;&#46;<\/p>\n","protected":false},"author":8,"featured_media":10854,"comment_status":"open","ping_status":"open","sticky":false,"template":"","format":"standard","meta":{"ngg_post_thumbnail":0,"footnotes":""},"categories":[1],"tags":[],"class_list":["post-10817","post","type-post","status-publish","format-standard","has-post-thumbnail","hentry","category-wiadomosci"],"_links":{"self":[{"href":"https:\/\/sp22.pl\/nowa\/index.php\/wp-json\/wp\/v2\/posts\/10817","targetHints":{"allow":["GET"]}}],"collection":[{"href":"https:\/\/sp22.pl\/nowa\/index.php\/wp-json\/wp\/v2\/posts"}],"about":[{"href":"https:\/\/sp22.pl\/nowa\/index.php\/wp-json\/wp\/v2\/types\/post"}],"author":[{"embeddable":true,"href":"https:\/\/sp22.pl\/nowa\/index.php\/wp-json\/wp\/v2\/users\/8"}],"replies":[{"embeddable":true,"href":"https:\/\/sp22.pl\/nowa\/index.php\/wp-json\/wp\/v2\/comments?post=10817"}],"version-history":[{"count":4,"href":"https:\/\/sp22.pl\/nowa\/index.php\/wp-json\/wp\/v2\/posts\/10817\/revisions"}],"predecessor-version":[{"id":10841,"href":"https:\/\/sp22.pl\/nowa\/index.php\/wp-json\/wp\/v2\/posts\/10817\/revisions\/10841"}],"wp:featuredmedia":[{"embeddable":true,"href":"https:\/\/sp22.pl\/nowa\/index.php\/wp-json\/wp\/v2\/media\/10854"}],"wp:attachment":[{"href":"https:\/\/sp22.pl\/nowa\/index.php\/wp-json\/wp\/v2\/media?parent=10817"}],"wp:term":[{"taxonomy":"category","embeddable":true,"href":"https:\/\/sp22.pl\/nowa\/index.php\/wp-json\/wp\/v2\/categories?post=10817"},{"taxonomy":"post_tag","embeddable":true,"href":"https:\/\/sp22.pl\/nowa\/index.php\/wp-json\/wp\/v2\/tags?post=10817"}],"curies":[{"name":"wp","href":"https:\/\/api.w.org\/{rel}","templated":true}]}}