{"id":10721,"date":"2025-06-15T09:04:11","date_gmt":"2025-06-15T07:04:11","guid":{"rendered":"https:\/\/sp22.pl\/nowa\/?p=10721"},"modified":"2025-07-01T18:59:58","modified_gmt":"2025-07-01T16:59:58","slug":"na-szkolne-klopoty-tarcza-przed-przemoca","status":"publish","type":"post","link":"https:\/\/sp22.pl\/nowa\/index.php\/2025\/06\/15\/na-szkolne-klopoty-tarcza-przed-przemoca\/","title":{"rendered":"Na szkolne k\u0142opoty \u2013 Tarcza przed przemoc\u0105"},"content":{"rendered":"<p><span style=\"color: #000000;\">Od kilku lat nasza szko\u0142a wsp\u00f3\u0142pracuje ze specjalistami Poradni Psychologiczno &#8211; Pedagogicznej nr 2 w P\u0142ocku, nie tylko w zakresie bada\u0144 diagnostycznych, ale r\u00f3wnie\u017c prowadzenia zaj\u0119\u0107 grupowych z dziedziny komunikacji spo\u0142ecznej wspomagaj\u0105cej rozw\u00f3j spo\u0142eczno \u2013 emocjonalny uczni\u00f3w.<\/span><\/p>\n<p><span style=\"color: #000000;\">W bie\u017c\u0105cym roku szkolnym Uczniowie klas III wzi\u0119li udzia\u0142 w programie profilaktycznym pt. ,,Tarcza przed przemoc\u0105\u201d. My\u015bl\u0105 przewodni\u0105 spotka\u0144 by\u0142o u\u015bwiadomienie dzieciom, czym jest przemoc oraz zmniejszenie poziomu agresji&nbsp; w\u015br\u00f3d Uczni\u00f3w. Od realizatorek: Pani Beaty Sikory &#8211; specjalistki z zakresu terapii psychologiczno- pedagogicznej oraz Pani Anny Rusek \u2013 Chyli\u0144skiej &#8211; specjalistki z zakresu terapii poznawczo \u2013 behawioralnej, s\u0142uchacze dowiedzieli si\u0119, \u017ce pewne zachowania s\u0105 niedozwolone, i \u017ce niekt\u00f3re z nich uznajemy za przemoc.<\/span><\/p>\n<p><span style=\"color: #000000;\">Uczestnicy spotkania zwi\u0119kszyli swoj\u0105 \u015bwiadomo\u015b\u0107 o odpowiedzialno\u015bci za w\u0142asne dzia\u0142ania, wskazywali r\u00f3\u017cne sposoby radzenia sobie z&nbsp;gniewem, \u0107wiczyli umiej\u0119tno\u015b\u0107 zwracania si\u0119 o pomoc w przypadkach zagro\u017cenia, doskonalili zdolno\u015bci s\u0142uchania siebie nawzajem.<\/span><\/p>\n<p><span style=\"color: #000000;\">Podczas zaj\u0119\u0107 dzieci bli\u017cej si\u0119 pozna\u0142y, do\u015bwiadcza\u0142y r\u00f3\u017cnych uczu\u0107, rozpoznawa\u0142y je i nazywa\u0142y, dowiedzia\u0142y si\u0119, sk\u0105d bierze si\u0119 z\u0142o\u015b\u0107 i&nbsp;poszukiwa\u0142y konstruktywnych sposob\u00f3w radzenie sobie z ni\u0105.<\/span><\/p>\n<p><span style=\"color: #000000;\"><em>Koordynator przedsi\u0119wzi\u0119cia: Marta Zawidzka<\/em><\/span><\/p>\n<p><em><span style=\"color: #000000;\">Opracowanie materia\u0142u: Marta Zawidzka<\/span><\/em><\/p>\n<p><img loading=\"lazy\" decoding=\"async\" class=\" wp-image-10724 aligncenter\" src=\"https:\/\/sp22.pl\/nowa\/wp-content\/uploads\/2025\/06\/DSC08594-300x200.jpg\" alt=\"\" width=\"359\" height=\"239\" srcset=\"https:\/\/sp22.pl\/nowa\/wp-content\/uploads\/2025\/06\/DSC08594-300x200.jpg 300w, https:\/\/sp22.pl\/nowa\/wp-content\/uploads\/2025\/06\/DSC08594-768x512.jpg 768w, https:\/\/sp22.pl\/nowa\/wp-content\/uploads\/2025\/06\/DSC08594.jpg 1024w\" sizes=\"auto, (max-width: 359px) 100vw, 359px\" \/> <img loading=\"lazy\" decoding=\"async\" class=\" wp-image-10725 aligncenter\" src=\"https:\/\/sp22.pl\/nowa\/wp-content\/uploads\/2025\/06\/DSC08600-300x200.jpg\" alt=\"\" width=\"354\" height=\"236\" srcset=\"https:\/\/sp22.pl\/nowa\/wp-content\/uploads\/2025\/06\/DSC08600-300x200.jpg 300w, https:\/\/sp22.pl\/nowa\/wp-content\/uploads\/2025\/06\/DSC08600-768x512.jpg 768w, https:\/\/sp22.pl\/nowa\/wp-content\/uploads\/2025\/06\/DSC08600.jpg 1024w\" sizes=\"auto, (max-width: 354px) 100vw, 354px\" \/><\/p>\n<p><span style=\"color: #000000;\"><strong>&nbsp;<\/strong><\/span><\/p>\n<p>&nbsp;<\/p>\n<p>&nbsp;<\/p>\n","protected":false},"excerpt":{"rendered":"<p>&#46;&#46;&#46;<\/p>\n","protected":false},"author":5,"featured_media":10729,"comment_status":"open","ping_status":"open","sticky":false,"template":"","format":"standard","meta":{"ngg_post_thumbnail":0,"footnotes":""},"categories":[1],"tags":[],"class_list":["post-10721","post","type-post","status-publish","format-standard","has-post-thumbnail","hentry","category-wiadomosci"],"_links":{"self":[{"href":"https:\/\/sp22.pl\/nowa\/index.php\/wp-json\/wp\/v2\/posts\/10721","targetHints":{"allow":["GET"]}}],"collection":[{"href":"https:\/\/sp22.pl\/nowa\/index.php\/wp-json\/wp\/v2\/posts"}],"about":[{"href":"https:\/\/sp22.pl\/nowa\/index.php\/wp-json\/wp\/v2\/types\/post"}],"author":[{"embeddable":true,"href":"https:\/\/sp22.pl\/nowa\/index.php\/wp-json\/wp\/v2\/users\/5"}],"replies":[{"embeddable":true,"href":"https:\/\/sp22.pl\/nowa\/index.php\/wp-json\/wp\/v2\/comments?post=10721"}],"version-history":[{"count":10,"href":"https:\/\/sp22.pl\/nowa\/index.php\/wp-json\/wp\/v2\/posts\/10721\/revisions"}],"predecessor-version":[{"id":11113,"href":"https:\/\/sp22.pl\/nowa\/index.php\/wp-json\/wp\/v2\/posts\/10721\/revisions\/11113"}],"wp:featuredmedia":[{"embeddable":true,"href":"https:\/\/sp22.pl\/nowa\/index.php\/wp-json\/wp\/v2\/media\/10729"}],"wp:attachment":[{"href":"https:\/\/sp22.pl\/nowa\/index.php\/wp-json\/wp\/v2\/media?parent=10721"}],"wp:term":[{"taxonomy":"category","embeddable":true,"href":"https:\/\/sp22.pl\/nowa\/index.php\/wp-json\/wp\/v2\/categories?post=10721"},{"taxonomy":"post_tag","embeddable":true,"href":"https:\/\/sp22.pl\/nowa\/index.php\/wp-json\/wp\/v2\/tags?post=10721"}],"curies":[{"name":"wp","href":"https:\/\/api.w.org\/{rel}","templated":true}]}}