{"id":10634,"date":"2025-06-02T09:14:42","date_gmt":"2025-06-02T07:14:42","guid":{"rendered":"https:\/\/sp22.pl\/nowa\/?p=10634"},"modified":"2025-07-01T11:45:43","modified_gmt":"2025-07-01T09:45:43","slug":"podsumowanie-konkursu-na-najladniejsza-wiosenna-dekoracje-sali-klasy-1-3","status":"publish","type":"post","link":"https:\/\/sp22.pl\/nowa\/index.php\/2025\/06\/02\/podsumowanie-konkursu-na-najladniejsza-wiosenna-dekoracje-sali-klasy-1-3\/","title":{"rendered":"Podsumowanie konkursu na naj\u0142adniejsz\u0105 wiosenn\u0105 dekoracj\u0119 sali lekcyjnej (klasy 1-3)"},"content":{"rendered":"<p class=\"Textbody\"><span lang=\"DE\" style=\"font-family: Arial, sans-serif; color: #000000;\">31 maja, podczas Festynu Rodzinnego, organizowanego przy naszej szkole, zosta\u0142 podsumowany konkurs, og\u0142oszony przez Samorz\u0105d Uczniowski, na <span class=\"StrongEmphasis\">naj\u0142adniejsz\u0105 wiosenn\u0105 dekoracj\u0119 sali lekcyjnej<\/span> dla klas I\u2013III. Celem konkursu by\u0142o wprowadzenie do naszej szko\u0142y radosnej, kolorowej atmosfery oraz rozwijanie kreatywno\u015bci i wsp\u00f3\u0142pracy w\u015br\u00f3d uczni\u00f3w.<\/span><\/p>\n<p class=\"Textbody\"><span lang=\"DE\" style=\"font-family: Arial, sans-serif; color: #000000;\">Wszystkie klasy, kt\u00f3re wzi\u0119\u0142y udzia\u0142 w konkursie, wykaza\u0142y si\u0119 ogromnym zaanga\u017cowaniem, pomys\u0142owo\u015bci\u0105 i staranno\u015bci\u0105. Sale zamieni\u0142y si\u0119 w prawdziwe ogrody pe\u0142ne samodzielnie wykonanych kwiat\u00f3w, motyli, s\u0142o\u0144ca i innych wiosennych akcent\u00f3w. Jury mia\u0142o nie\u0142atwe zadanie, poniewa\u017c ka\u017cda dekoracja by\u0142a wyj\u0105tkowa i odzwierciedla\u0142a niepowtarzalny charakter klasy.<\/span><\/p>\n<p class=\"Textbody\"><span lang=\"DE\" style=\"font-family: Arial, sans-serif; color: #000000;\">Po burzliwych naradach uda\u0142o si\u0119 wy\u0142oni\u0107 zwyci\u0119zc\u00f3w, kt\u00f3rzy otrzymali dyplomy oraz drobne upominki, kt\u00f3rych fundatorem by\u0142a Rada Rodzic\u00f3w naszej szko\u0142y.<\/span><\/p>\n<p class=\"Textbody\"><span lang=\"DE\" style=\"font-family: Arial, sans-serif; color: #000000;\">I miejsce: <b>1d<\/b><\/span><\/p>\n<p class=\"Textbody\"><span lang=\"DE\" style=\"font-family: Arial, sans-serif; color: #000000;\">II miejsce: <b>3b<\/b><\/span><\/p>\n<p class=\"Textbody\"><span lang=\"DE\" style=\"font-family: Arial, sans-serif; color: #000000;\">III miejsce: <b>3e<\/b><\/span><\/p>\n<p class=\"Textbody\"><span lang=\"DE\" style=\"font-family: Arial, sans-serif; color: #000000;\">Wyr\u00f3\u017cnienia: <b>1a, 1b, 1e, 1f, 3c, 3d<\/b><\/span><\/p>\n<p class=\"Textbody\"><span lang=\"DE\" style=\"font-family: Arial, sans-serif; color: #000000;\">&nbsp;<\/span><span lang=\"DE\" style=\"font-family: Arial, sans-serif; color: #000000;\">Wszystkim uczestnikom serdecznie dzi\u0119kujemy za udzia\u0142 \u2013 dzi\u0119ki Wam nasza szko\u0142a nabra\u0142a wyj\u0105tkowego, wiosennego klimatu!<\/span><\/p>\n<p class=\"Textbody\"><span lang=\"DE\" style=\"font-family: Arial, sans-serif; color: #000000;\">Gratulujemy zwyci\u0119zcom i ju\u017c teraz zapraszamy do udzia\u0142u w kolejnych inicjatywach Samorz\u0105du Uczniowskiego!<\/span><\/p>\n<p class=\"Standard\"><em><span lang=\"DE\" style=\"font-family: Arial, sans-serif; color: #000000;\">Opracowanie materia\u0142u: Celina Krysi\u0144ska<\/span><\/em><\/p>\nngg_shortcode_0_placeholder\n","protected":false},"excerpt":{"rendered":"<p>&#46;&#46;&#46;<\/p>\n","protected":false},"author":5,"featured_media":11039,"comment_status":"open","ping_status":"open","sticky":false,"template":"","format":"standard","meta":{"ngg_post_thumbnail":0,"footnotes":""},"categories":[1],"tags":[],"class_list":["post-10634","post","type-post","status-publish","format-standard","has-post-thumbnail","hentry","category-wiadomosci"],"_links":{"self":[{"href":"https:\/\/sp22.pl\/nowa\/index.php\/wp-json\/wp\/v2\/posts\/10634","targetHints":{"allow":["GET"]}}],"collection":[{"href":"https:\/\/sp22.pl\/nowa\/index.php\/wp-json\/wp\/v2\/posts"}],"about":[{"href":"https:\/\/sp22.pl\/nowa\/index.php\/wp-json\/wp\/v2\/types\/post"}],"author":[{"embeddable":true,"href":"https:\/\/sp22.pl\/nowa\/index.php\/wp-json\/wp\/v2\/users\/5"}],"replies":[{"embeddable":true,"href":"https:\/\/sp22.pl\/nowa\/index.php\/wp-json\/wp\/v2\/comments?post=10634"}],"version-history":[{"count":4,"href":"https:\/\/sp22.pl\/nowa\/index.php\/wp-json\/wp\/v2\/posts\/10634\/revisions"}],"predecessor-version":[{"id":10662,"href":"https:\/\/sp22.pl\/nowa\/index.php\/wp-json\/wp\/v2\/posts\/10634\/revisions\/10662"}],"wp:featuredmedia":[{"embeddable":true,"href":"https:\/\/sp22.pl\/nowa\/index.php\/wp-json\/wp\/v2\/media\/11039"}],"wp:attachment":[{"href":"https:\/\/sp22.pl\/nowa\/index.php\/wp-json\/wp\/v2\/media?parent=10634"}],"wp:term":[{"taxonomy":"category","embeddable":true,"href":"https:\/\/sp22.pl\/nowa\/index.php\/wp-json\/wp\/v2\/categories?post=10634"},{"taxonomy":"post_tag","embeddable":true,"href":"https:\/\/sp22.pl\/nowa\/index.php\/wp-json\/wp\/v2\/tags?post=10634"}],"curies":[{"name":"wp","href":"https:\/\/api.w.org\/{rel}","templated":true}]}}