{"id":10603,"date":"2025-06-11T20:41:08","date_gmt":"2025-06-11T18:41:08","guid":{"rendered":"https:\/\/sp22.pl\/nowa\/?p=10603"},"modified":"2025-06-24T20:39:13","modified_gmt":"2025-06-24T18:39:13","slug":"listy-z-tanzanii","status":"publish","type":"post","link":"https:\/\/sp22.pl\/nowa\/index.php\/2025\/06\/11\/listy-z-tanzanii\/","title":{"rendered":"Listy z Tanzanii"},"content":{"rendered":"<p><span style=\"color: #000000;\">Uczniowie klasy 6d dzi\u0119ki Uvi Foundation For&nbsp; Education nawi\u0105zali korespondencj\u0119 z r\u00f3wie\u015bnikami z g\u00f3rskich miejscowo\u015bci Mambo i Mtae wTanzanii (G\u00f3ry Usambara). Odleg\u0142o\u015b\u0107 dziel\u0105ca nas od Tanzanii jest ogromna \u2013 7500 km, dlatego w ci\u0105gu roku szkolnego uda\u0142o si\u0119, dzi\u0119ki wspania\u0142ym wolontariuszom fundacji, wymieni\u0107 korespondencj\u0119 tylko, albo a\u017c &#8211; dwa razy. To du\u017ce wyzwanie zar\u00f3wno dla uczni\u00f3w z naszej szko\u0142y, jak i tych z Tanzanii \u2013 listy pisane s\u0105 w j\u0119zyku angielskim. Obok angielskiego j\u0119zykiem urz\u0119dowym w Tanzanii jest suahili.<\/span><\/p>\n<p><span style=\"color: #000000;\">Zar\u00f3wno u nas, jak i w Mambo i Mtae, nadej\u015bcie list\u00f3w jest bardzo wyczekiwane i obu stronom przynosi ono mn\u00f3stwo rado\u015bci.<\/span><\/p>\n<p><span style=\"color: #000000;\">Uvi Foundation for Education za\u0142o\u017cy\u0142a Polka Dagmara Ikiert i Tanza\u0144czyk Abdulkadira Kaniki. Jest to organizacja pozarz\u0105dowa, kt\u00f3ra dzia\u0142a w&nbsp;my\u015bl idei, \u017ce edukacja jest najwa\u017cniejszym narz\u0119dziem rozwoju spo\u0142ecze\u0144stw. Pierwszy projekt zrealizowano w 2020 r. przy wsparciu programu Polska Pomoc (Fundusz Rozwoju Ministerstwa Spraw Zagranicznych RP). Obecnie opiek\u0105 fundacji obj\u0119tych jest ponad 500 dzieci.<\/span><\/p>\n<p><span style=\"color: #000000;\">O projekcie pisa\u0142a tak\u017ce szkolna gazetka \u201eSzatnia\u201d w nr 39\/2023.<\/span><\/p>\n<p><span style=\"color: #000000;\"><em>Opiekun projektu: Joanna Omi\u0144ska, Renata Piliczewska<\/em><\/span><\/p>\n<p><span style=\"color: #000000;\"><em>Opracowanie materia\u0142u: Renata Piliczewska<\/em><\/span><\/p>\nngg_shortcode_0_placeholder\n","protected":false},"excerpt":{"rendered":"<p>&#46;&#46;&#46;<\/p>\n","protected":false},"author":4,"featured_media":10922,"comment_status":"open","ping_status":"open","sticky":false,"template":"","format":"standard","meta":{"ngg_post_thumbnail":0,"footnotes":""},"categories":[1],"tags":[],"class_list":["post-10603","post","type-post","status-publish","format-standard","has-post-thumbnail","hentry","category-wiadomosci"],"_links":{"self":[{"href":"https:\/\/sp22.pl\/nowa\/index.php\/wp-json\/wp\/v2\/posts\/10603","targetHints":{"allow":["GET"]}}],"collection":[{"href":"https:\/\/sp22.pl\/nowa\/index.php\/wp-json\/wp\/v2\/posts"}],"about":[{"href":"https:\/\/sp22.pl\/nowa\/index.php\/wp-json\/wp\/v2\/types\/post"}],"author":[{"embeddable":true,"href":"https:\/\/sp22.pl\/nowa\/index.php\/wp-json\/wp\/v2\/users\/4"}],"replies":[{"embeddable":true,"href":"https:\/\/sp22.pl\/nowa\/index.php\/wp-json\/wp\/v2\/comments?post=10603"}],"version-history":[{"count":9,"href":"https:\/\/sp22.pl\/nowa\/index.php\/wp-json\/wp\/v2\/posts\/10603\/revisions"}],"predecessor-version":[{"id":10613,"href":"https:\/\/sp22.pl\/nowa\/index.php\/wp-json\/wp\/v2\/posts\/10603\/revisions\/10613"}],"wp:featuredmedia":[{"embeddable":true,"href":"https:\/\/sp22.pl\/nowa\/index.php\/wp-json\/wp\/v2\/media\/10922"}],"wp:attachment":[{"href":"https:\/\/sp22.pl\/nowa\/index.php\/wp-json\/wp\/v2\/media?parent=10603"}],"wp:term":[{"taxonomy":"category","embeddable":true,"href":"https:\/\/sp22.pl\/nowa\/index.php\/wp-json\/wp\/v2\/categories?post=10603"},{"taxonomy":"post_tag","embeddable":true,"href":"https:\/\/sp22.pl\/nowa\/index.php\/wp-json\/wp\/v2\/tags?post=10603"}],"curies":[{"name":"wp","href":"https:\/\/api.w.org\/{rel}","templated":true}]}}