{"id":10547,"date":"2025-06-10T09:34:06","date_gmt":"2025-06-10T07:34:06","guid":{"rendered":"https:\/\/sp22.pl\/nowa\/?p=10547"},"modified":"2025-06-11T17:27:20","modified_gmt":"2025-06-11T15:27:20","slug":"10547","status":"publish","type":"post","link":"https:\/\/sp22.pl\/nowa\/index.php\/2025\/06\/10\/10547\/","title":{"rendered":"Pola Nadziei 2025"},"content":{"rendered":"<p><span style=\"font-family: Arial, sans-serif; color: #000000;\">Jak co roku Uczniowie naszej szko\u0142y wzi\u0119li udzia\u0142 w og\u00f3lnopolskiej akcji charytatywnej ,,Pola Nadziei\u201d, przedsi\u0119wzi\u0119cia na rzecz hospicj\u00f3w.<\/span><\/p>\n<p><span style=\"font-family: Arial, sans-serif; color: #000000;\">Pod opiek\u0105 Nauczycieli zbierali fundusze, by wesprze\u0107 dzia\u0142alno\u015b\u0107 p\u0142ockiego hospicjum.<\/span><\/p>\n<p><span style=\"font-family: Arial, sans-serif; color: #000000;\">Ponadto, przez nast\u0119pny tydzie\u0144, Wolontariusze z ko\u0142a ,,Uskrzydleni\u201d oraz Uczniowie klasy 5 f kwestowali w naszej szkole.<\/span><\/p>\n<p><span style=\"font-family: Arial, sans-serif; color: #000000;\">Wsp\u00f3lnie zgromadzili\u015bmy 5271 z\u0142otych i 38 groszy.<\/span><\/p>\n<p><span style=\"font-family: Arial, sans-serif; color: #000000;\">Celem akcji jest zakup sprz\u0119tu medycznego, doposa\u017cenie sal chorych, zakup lek\u00f3w i \u015brodk\u00f3w piel\u0119gnacyjnych.<\/span><\/p>\n<p><span style=\"font-family: Arial, sans-serif; color: #000000;\">Dzi\u0119kujemy wszystkim Ofiarodawcom.<\/span><\/p>\n<p><em><span style=\"font-family: Arial, sans-serif; color: #000000;\">Og\u00f3lnopolska akcja charytatywna &#8222;Pola Nadziei&#8221; to&nbsp;coroczna inicjatywa, kt\u00f3ra ma na celu pomoc osobom nieuleczalnie chorym i ich rodzinom, a tak\u017ce promowanie idei hospicyjnej i wolontariatu.<\/span><\/em><\/p>\n<p><em><span style=\"font-family: Arial, sans-serif; color: #000000;\">Jest to symboliczny akt solidarno\u015bci z umieraj\u0105cymi. Wiosn\u0105, gdy zakwitaj\u0105 \u017conkile, od marca do maja odbywa si\u0119 szeroko zakrojona&nbsp;akcja, kt\u00f3rej celem jest pozyskiwanie funduszy na potrzeby lokalnych hospicj\u00f3w oraz propagowanie idei opieki hospicyjnej w spo\u0142ecze\u0144stwie. Ofiarodawcy otrzymuj\u0105 za datki \u2013 kwiat \u017conkila.<\/span><\/em><\/p>\n<p><em><span style=\"color: #000000;\">Opracowanie materia\u0142u: Renata Markiewicz, Beata Sokolnicka<\/span><\/em><\/p>\nngg_shortcode_0_placeholder\n","protected":false},"excerpt":{"rendered":"<p>&#46;&#46;&#46;<\/p>\n","protected":false},"author":8,"featured_media":10548,"comment_status":"open","ping_status":"open","sticky":false,"template":"","format":"standard","meta":{"ngg_post_thumbnail":0,"footnotes":""},"categories":[1],"tags":[],"class_list":["post-10547","post","type-post","status-publish","format-standard","has-post-thumbnail","hentry","category-wiadomosci"],"_links":{"self":[{"href":"https:\/\/sp22.pl\/nowa\/index.php\/wp-json\/wp\/v2\/posts\/10547","targetHints":{"allow":["GET"]}}],"collection":[{"href":"https:\/\/sp22.pl\/nowa\/index.php\/wp-json\/wp\/v2\/posts"}],"about":[{"href":"https:\/\/sp22.pl\/nowa\/index.php\/wp-json\/wp\/v2\/types\/post"}],"author":[{"embeddable":true,"href":"https:\/\/sp22.pl\/nowa\/index.php\/wp-json\/wp\/v2\/users\/8"}],"replies":[{"embeddable":true,"href":"https:\/\/sp22.pl\/nowa\/index.php\/wp-json\/wp\/v2\/comments?post=10547"}],"version-history":[{"count":4,"href":"https:\/\/sp22.pl\/nowa\/index.php\/wp-json\/wp\/v2\/posts\/10547\/revisions"}],"predecessor-version":[{"id":10561,"href":"https:\/\/sp22.pl\/nowa\/index.php\/wp-json\/wp\/v2\/posts\/10547\/revisions\/10561"}],"wp:featuredmedia":[{"embeddable":true,"href":"https:\/\/sp22.pl\/nowa\/index.php\/wp-json\/wp\/v2\/media\/10548"}],"wp:attachment":[{"href":"https:\/\/sp22.pl\/nowa\/index.php\/wp-json\/wp\/v2\/media?parent=10547"}],"wp:term":[{"taxonomy":"category","embeddable":true,"href":"https:\/\/sp22.pl\/nowa\/index.php\/wp-json\/wp\/v2\/categories?post=10547"},{"taxonomy":"post_tag","embeddable":true,"href":"https:\/\/sp22.pl\/nowa\/index.php\/wp-json\/wp\/v2\/tags?post=10547"}],"curies":[{"name":"wp","href":"https:\/\/api.w.org\/{rel}","templated":true}]}}