{"id":10525,"date":"2025-06-09T18:11:18","date_gmt":"2025-06-09T16:11:18","guid":{"rendered":"https:\/\/sp22.pl\/nowa\/?p=10525"},"modified":"2025-06-11T19:18:28","modified_gmt":"2025-06-11T17:18:28","slug":"droga-do-szczescia-zajecia-klasy-8e-w-ramach-projektu-filmowej-akademii-nauczyciela","status":"publish","type":"post","link":"https:\/\/sp22.pl\/nowa\/index.php\/2025\/06\/09\/droga-do-szczescia-zajecia-klasy-8e-w-ramach-projektu-filmowej-akademii-nauczyciela\/","title":{"rendered":"&#8222;Droga do szcz\u0119\u015bcia&#8221; \u2013 zaj\u0119cia klasy 8e w ramach projektu Filmowa Akademia Nauczyciela"},"content":{"rendered":"<p><span style=\"color: #000000;\"><span style=\"font-family: Arial, sans-serif;\">Klasa 8e wzi\u0119\u0142a udzia\u0142 w wyj\u0105tkowych zaj\u0119ciach wychowawczych pod has\u0142em \u201eDroga do szcz\u0119\u015bcia\u201d, kt\u00f3re realizowane by\u0142y w ramach projektu Filmowa Akademia Nauczyciela organizowanego przez MSCDN Wydzia\u0142 w P\u0142ocku. G\u0142\u00f3wnym punktem zaj\u0119\u0107 by\u0142o wsp\u00f3lne obejrzenie poruszaj\u0105cego filmu pt. \u201eJeden na milion\u201d. To wzruszaj\u0105ca historia Austina \u2013 ch\u0142opca z autyzmem i \u0142amliwo\u015bci\u0105 ko\u015bci, kt\u00f3ra sta\u0142a si\u0119 punktem wyj\u015bcia do rozm\u00f3w o szcz\u0119\u015bciu, empatii i sile rodziny.<\/span><\/span><\/p>\n<p><span style=\"color: #000000;\"><span style=\"font-family: Arial, sans-serif;\">Po seansie Uczniowie wzi\u0119li udzia\u0142 w rozmowie na temat warto\u015bci, kt\u00f3re pomagaj\u0105 odnale\u017a\u0107 szcz\u0119\u015bcie w codziennym \u017cyciu. Nast\u0119pnie wsp\u00f3lnie wykonali prac\u0119 techniczn\u0105 &#8211; drzewo szcz\u0119\u015bcia, na kt\u00f3rym umieszczali kolorowe li\u015bcie ze swoimi indywidualnymi \u017ar\u00f3d\u0142ami szcz\u0119\u015bcia, takimi jak: rodzina, przyja\u017a\u0144, pasje, natura czy ma\u0142e codzienne rado\u015bci.<\/span><\/span><\/p>\n<p><span style=\"color: #000000;\"><span style=\"font-family: Arial, sans-serif;\">Zaj\u0119cia pozwoli\u0142y Uczniom na chwil\u0119 refleksji i zadumy, u\u015bwiadomi\u0142y im r\u00f3wnie\u017c, \u017ce szcz\u0119\u015bcie cz\u0119sto kryje si\u0119 w ma\u0142ych rzeczach i \u017ce warto je dostrzega\u0107 ka\u017cdego dnia.<\/span><\/span><\/p>\n<p><span style=\"color: #000000;\"><em><span style=\"font-family: Arial, sans-serif;\">Koordynator projektu: Agnieszka So\u0142tysiak<\/span><\/em><\/span><\/p>\n<p><span style=\"color: #000000;\"><em><span style=\"font-family: Arial, sans-serif;\">Opracowanie materia\u0142u: Beata Michalak<\/span><\/em><\/span><\/p>\nngg_shortcode_0_placeholder\n","protected":false},"excerpt":{"rendered":"<p>&#46;&#46;&#46;<\/p>\n","protected":false},"author":8,"featured_media":10526,"comment_status":"open","ping_status":"open","sticky":false,"template":"","format":"standard","meta":{"ngg_post_thumbnail":0,"footnotes":""},"categories":[1],"tags":[],"class_list":["post-10525","post","type-post","status-publish","format-standard","has-post-thumbnail","hentry","category-wiadomosci"],"_links":{"self":[{"href":"https:\/\/sp22.pl\/nowa\/index.php\/wp-json\/wp\/v2\/posts\/10525","targetHints":{"allow":["GET"]}}],"collection":[{"href":"https:\/\/sp22.pl\/nowa\/index.php\/wp-json\/wp\/v2\/posts"}],"about":[{"href":"https:\/\/sp22.pl\/nowa\/index.php\/wp-json\/wp\/v2\/types\/post"}],"author":[{"embeddable":true,"href":"https:\/\/sp22.pl\/nowa\/index.php\/wp-json\/wp\/v2\/users\/8"}],"replies":[{"embeddable":true,"href":"https:\/\/sp22.pl\/nowa\/index.php\/wp-json\/wp\/v2\/comments?post=10525"}],"version-history":[{"count":10,"href":"https:\/\/sp22.pl\/nowa\/index.php\/wp-json\/wp\/v2\/posts\/10525\/revisions"}],"predecessor-version":[{"id":10569,"href":"https:\/\/sp22.pl\/nowa\/index.php\/wp-json\/wp\/v2\/posts\/10525\/revisions\/10569"}],"wp:featuredmedia":[{"embeddable":true,"href":"https:\/\/sp22.pl\/nowa\/index.php\/wp-json\/wp\/v2\/media\/10526"}],"wp:attachment":[{"href":"https:\/\/sp22.pl\/nowa\/index.php\/wp-json\/wp\/v2\/media?parent=10525"}],"wp:term":[{"taxonomy":"category","embeddable":true,"href":"https:\/\/sp22.pl\/nowa\/index.php\/wp-json\/wp\/v2\/categories?post=10525"},{"taxonomy":"post_tag","embeddable":true,"href":"https:\/\/sp22.pl\/nowa\/index.php\/wp-json\/wp\/v2\/tags?post=10525"}],"curies":[{"name":"wp","href":"https:\/\/api.w.org\/{rel}","templated":true}]}}