{"id":10522,"date":"2025-06-09T17:58:28","date_gmt":"2025-06-09T15:58:28","guid":{"rendered":"https:\/\/sp22.pl\/nowa\/?p=10522"},"modified":"2025-06-11T17:33:34","modified_gmt":"2025-06-11T15:33:34","slug":"wyniki-ogolnopolskiego-konkursu-matematyczno-informatycznego-alemozgi","status":"publish","type":"post","link":"https:\/\/sp22.pl\/nowa\/index.php\/2025\/06\/09\/wyniki-ogolnopolskiego-konkursu-matematyczno-informatycznego-alemozgi\/","title":{"rendered":"Wyniki Og\u00f3lnopolskiego Konkursu Matematyczno-Informatycznego \u201eAleM\u00f3zgi!\u201d"},"content":{"rendered":"<p><span style=\"color: #000000;\"><span style=\"font-family: Arial, sans-serif;\">W bie\u017c\u0105cym roku szkolnym nasza plac\u00f3wka wzi\u0119\u0142a udzia\u0142 w&nbsp;II edycji Og\u00f3lnopolskiego Konkursu Matematyczno-Informatycznego AleM\u00f3zgi!, celem&nbsp;kt\u00f3rego by\u0142a popularyzacja nauki programowania oraz rozwijanie umiej\u0119tno\u015bci matematyczno-informatycznych w\u015br\u00f3d m\u0142odzie\u017cy szkolnej.<\/span><\/span><\/p>\n<p><span style=\"color: #000000;\"><span style=\"font-family: Arial, sans-serif;\">Konkurs by\u0142 trzyetapowy. Do I etapu, w czasie kt\u00f3rego nale\u017ca\u0142o rozwi\u0105za\u0107 20 zada\u0144 logicznych, przyst\u0105pi\u0142o ponad&nbsp;10 000 uczni\u00f3w&nbsp;z&nbsp;500 szk\u00f3\u0142.&nbsp; Nasz\u0105 plac\u00f3wk\u0119 reprezentowa\u0142o 8 os\u00f3b. 6 z nich zakwalifikowa\u0142o si\u0119 do etapu II. Do fina\u0142u konkursu, kt\u00f3ry sk\u0142ada\u0142 si\u0119 z cz\u0119\u015bci pisemnej \u2013 zada\u0144 matematyczno-logicznych oraz cz\u0119\u015bci programistycznej &#8211; programowanie w j\u0119zyku Python, dosta\u0142o si\u0119&nbsp;2 uczni\u00f3w.<\/span><\/span><\/p>\n<p><span style=\"color: #000000;\"><span style=\"font-family: Arial, sans-serif;\">Najlepszy wynik z naszej szko\u0142y osi\u0105gn\u0105\u0142 Hubert Le\u015bniewski z klasy 4e zdobywaj\u0105c tytu\u0142 Finalisty z wyr\u00f3\u017cnieniem. Tytu\u0142 Finalisty uzyska\u0142 Marcel Mielcarek z klasy 4e.<\/span><\/span><\/p>\n<p><span style=\"color: #000000;\"><span style=\"font-family: Arial, sans-serif;\">Serdecznie gratulujemy wszystkim uczestnikom i \u017cyczymy dalszych sukces\u00f3w!<\/span><\/span><\/p>\n<p><span style=\"color: #000000;\"><em><span style=\"font-family: Arial, sans-serif;\">Koordynator konkursu: Beata Michalak<\/span><\/em><\/span><\/p>\n<p><span style=\"color: #000000;\"><em><span style=\"font-family: Arial, sans-serif;\">Opracowanie materia\u0142u: Beata Michalak<\/span><\/em><\/span><\/p>\n<p><img loading=\"lazy\" decoding=\"async\" class=\"alignnone size-medium wp-image-10556\" src=\"https:\/\/sp22.pl\/nowa\/wp-content\/uploads\/2025\/06\/01_alemozgi_2024_2025-300x217.png\" alt=\"Dyplom dla ucznia. Na be\u017cowym tle napis finalista z wyr\u00f3\u017cnieniem. U g\u00f3ry logo Alem\u00f3zgi, na dole podpisy organizator\u00f3w.\" width=\"300\" height=\"217\" srcset=\"https:\/\/sp22.pl\/nowa\/wp-content\/uploads\/2025\/06\/01_alemozgi_2024_2025-300x217.png 300w, https:\/\/sp22.pl\/nowa\/wp-content\/uploads\/2025\/06\/01_alemozgi_2024_2025-1024x739.png 1024w, https:\/\/sp22.pl\/nowa\/wp-content\/uploads\/2025\/06\/01_alemozgi_2024_2025-768x554.png 768w, https:\/\/sp22.pl\/nowa\/wp-content\/uploads\/2025\/06\/01_alemozgi_2024_2025.png 1424w\" sizes=\"auto, (max-width: 300px) 100vw, 300px\" \/> <img loading=\"lazy\" decoding=\"async\" class=\"alignnone size-medium wp-image-10557\" src=\"https:\/\/sp22.pl\/nowa\/wp-content\/uploads\/2025\/06\/02_alemozgi_2024_2025-300x217.png\" alt=\"Dyplom dla ucznia. Na be\u017cowym tle napis finalista. U g\u00f3ry logo Alem\u00f3zgi, na dole podpisy organizator\u00f3w.\" width=\"300\" height=\"217\" srcset=\"https:\/\/sp22.pl\/nowa\/wp-content\/uploads\/2025\/06\/02_alemozgi_2024_2025-300x217.png 300w, https:\/\/sp22.pl\/nowa\/wp-content\/uploads\/2025\/06\/02_alemozgi_2024_2025-1024x739.png 1024w, https:\/\/sp22.pl\/nowa\/wp-content\/uploads\/2025\/06\/02_alemozgi_2024_2025-768x554.png 768w, https:\/\/sp22.pl\/nowa\/wp-content\/uploads\/2025\/06\/02_alemozgi_2024_2025.png 1424w\" sizes=\"auto, (max-width: 300px) 100vw, 300px\" \/> <img loading=\"lazy\" decoding=\"async\" class=\"alignnone size-medium wp-image-10558\" src=\"https:\/\/sp22.pl\/nowa\/wp-content\/uploads\/2025\/06\/03_alemozgi_2024_2025-300x212.png\" alt=\"Certyfikat dla nauczyciela. Na be\u017cowym tle napis certyfikat otrzymuje Beata Michalak. U g\u00f3ry logo Alem\u00f3zgi, na dole podpisy organizator\u00f3w.\" width=\"300\" height=\"212\" srcset=\"https:\/\/sp22.pl\/nowa\/wp-content\/uploads\/2025\/06\/03_alemozgi_2024_2025-300x212.png 300w, https:\/\/sp22.pl\/nowa\/wp-content\/uploads\/2025\/06\/03_alemozgi_2024_2025-1024x724.png 1024w, https:\/\/sp22.pl\/nowa\/wp-content\/uploads\/2025\/06\/03_alemozgi_2024_2025-768x543.png 768w, https:\/\/sp22.pl\/nowa\/wp-content\/uploads\/2025\/06\/03_alemozgi_2024_2025.png 1454w\" sizes=\"auto, (max-width: 300px) 100vw, 300px\" \/><\/p>\n","protected":false},"excerpt":{"rendered":"<p>&#46;&#46;&#46;<\/p>\n","protected":false},"author":8,"featured_media":10523,"comment_status":"open","ping_status":"open","sticky":false,"template":"","format":"standard","meta":{"ngg_post_thumbnail":0,"footnotes":""},"categories":[1],"tags":[],"class_list":["post-10522","post","type-post","status-publish","format-standard","has-post-thumbnail","hentry","category-wiadomosci"],"_links":{"self":[{"href":"https:\/\/sp22.pl\/nowa\/index.php\/wp-json\/wp\/v2\/posts\/10522","targetHints":{"allow":["GET"]}}],"collection":[{"href":"https:\/\/sp22.pl\/nowa\/index.php\/wp-json\/wp\/v2\/posts"}],"about":[{"href":"https:\/\/sp22.pl\/nowa\/index.php\/wp-json\/wp\/v2\/types\/post"}],"author":[{"embeddable":true,"href":"https:\/\/sp22.pl\/nowa\/index.php\/wp-json\/wp\/v2\/users\/8"}],"replies":[{"embeddable":true,"href":"https:\/\/sp22.pl\/nowa\/index.php\/wp-json\/wp\/v2\/comments?post=10522"}],"version-history":[{"count":4,"href":"https:\/\/sp22.pl\/nowa\/index.php\/wp-json\/wp\/v2\/posts\/10522\/revisions"}],"predecessor-version":[{"id":10559,"href":"https:\/\/sp22.pl\/nowa\/index.php\/wp-json\/wp\/v2\/posts\/10522\/revisions\/10559"}],"wp:featuredmedia":[{"embeddable":true,"href":"https:\/\/sp22.pl\/nowa\/index.php\/wp-json\/wp\/v2\/media\/10523"}],"wp:attachment":[{"href":"https:\/\/sp22.pl\/nowa\/index.php\/wp-json\/wp\/v2\/media?parent=10522"}],"wp:term":[{"taxonomy":"category","embeddable":true,"href":"https:\/\/sp22.pl\/nowa\/index.php\/wp-json\/wp\/v2\/categories?post=10522"},{"taxonomy":"post_tag","embeddable":true,"href":"https:\/\/sp22.pl\/nowa\/index.php\/wp-json\/wp\/v2\/tags?post=10522"}],"curies":[{"name":"wp","href":"https:\/\/api.w.org\/{rel}","templated":true}]}}