{"id":10497,"date":"2025-05-30T12:17:49","date_gmt":"2025-05-30T10:17:49","guid":{"rendered":"https:\/\/sp22.pl\/nowa\/?p=10497"},"modified":"2025-06-05T05:17:46","modified_gmt":"2025-06-05T03:17:46","slug":"konkurs-przyrodniczo-ekologiczny-jestem-przyjacielem-przyrody","status":"publish","type":"post","link":"https:\/\/sp22.pl\/nowa\/index.php\/2025\/05\/30\/konkurs-przyrodniczo-ekologiczny-jestem-przyjacielem-przyrody\/","title":{"rendered":"Konkurs przyrodniczo-ekologiczny &#8222;Jestem przyjacielem przyrody&#8221;"},"content":{"rendered":"<p align=\"justify\"><span style=\"color: #000000;\"><span style=\"font-family: Arial, sans-serif;\"><span style=\"font-size: medium;\">23 maja 2025 roku odby\u0142 si\u0119 w naszej Szkole konkurs przyrodniczo\u2013ekologiczny \u201eJestem przyjacielem przyrody\u201d, kt\u00f3rego adresatami byli Uczniowie klas trzecich. <\/span><\/span><\/span><\/p>\n<p align=\"justify\"><span style=\"color: #000000;\"><span style=\"font-family: Arial, sans-serif;\"><span style=\"font-size: medium;\">Celem tego przedsi\u0119wzi\u0119cia okaza\u0142o si\u0119 popularyzowanie oraz pog\u0142\u0119bienie wiedzy dotycz\u0105cej najbli\u017cszego \u015brodowiska i jego ekosystem\u00f3w, a tak\u017ce zwi\u0119kszenie \u015bwiadomo\u015bci ekologicznej Dzieci. Uczestnicy zmierzyli si\u0119 z szeregiem tematycznych zada\u0144, kt\u00f3re wykonali bezb\u0142\u0119dnie. Na zako\u0144czenie zmaga\u0144 ka\u017cda klasa otrzyma\u0142a pami\u0105tkowy dyplom. <\/span><\/span><\/span><\/p>\n<p align=\"justify\"><span style=\"color: #000000;\"><span style=\"font-family: Arial, sans-serif;\"><span style=\"font-size: medium;\">Dzi\u0119kujemy wszystkim Uczniom za udzia\u0142 w naszym turnieju i \u017cyczymy kolejnych sukces\u00f3w w dziedzinie przyrody oraz ekologii na dalszym etapie edukacji.<\/span><\/span><\/span><\/p>\n<p align=\"justify\"><em><span style=\"color: #000000;\"><span style=\"font-family: Arial, sans-serif;\"><span style=\"font-size: medium;\">Koordynator, opracowanie materia\u0142u: <\/span><\/span><\/span><span style=\"color: #000000;\"><span style=\"font-family: Arial, sans-serif;\"><span style=\"font-size: medium;\">Anna Markowska<\/span><\/span><\/span><\/em><\/p>\nngg_shortcode_0_placeholder\n","protected":false},"excerpt":{"rendered":"<p>&#46;&#46;&#46;<\/p>\n","protected":false},"author":9,"featured_media":10500,"comment_status":"open","ping_status":"open","sticky":false,"template":"","format":"standard","meta":{"ngg_post_thumbnail":0,"footnotes":""},"categories":[1],"tags":[],"class_list":["post-10497","post","type-post","status-publish","format-standard","has-post-thumbnail","hentry","category-wiadomosci"],"_links":{"self":[{"href":"https:\/\/sp22.pl\/nowa\/index.php\/wp-json\/wp\/v2\/posts\/10497","targetHints":{"allow":["GET"]}}],"collection":[{"href":"https:\/\/sp22.pl\/nowa\/index.php\/wp-json\/wp\/v2\/posts"}],"about":[{"href":"https:\/\/sp22.pl\/nowa\/index.php\/wp-json\/wp\/v2\/types\/post"}],"author":[{"embeddable":true,"href":"https:\/\/sp22.pl\/nowa\/index.php\/wp-json\/wp\/v2\/users\/9"}],"replies":[{"embeddable":true,"href":"https:\/\/sp22.pl\/nowa\/index.php\/wp-json\/wp\/v2\/comments?post=10497"}],"version-history":[{"count":3,"href":"https:\/\/sp22.pl\/nowa\/index.php\/wp-json\/wp\/v2\/posts\/10497\/revisions"}],"predecessor-version":[{"id":10503,"href":"https:\/\/sp22.pl\/nowa\/index.php\/wp-json\/wp\/v2\/posts\/10497\/revisions\/10503"}],"wp:featuredmedia":[{"embeddable":true,"href":"https:\/\/sp22.pl\/nowa\/index.php\/wp-json\/wp\/v2\/media\/10500"}],"wp:attachment":[{"href":"https:\/\/sp22.pl\/nowa\/index.php\/wp-json\/wp\/v2\/media?parent=10497"}],"wp:term":[{"taxonomy":"category","embeddable":true,"href":"https:\/\/sp22.pl\/nowa\/index.php\/wp-json\/wp\/v2\/categories?post=10497"},{"taxonomy":"post_tag","embeddable":true,"href":"https:\/\/sp22.pl\/nowa\/index.php\/wp-json\/wp\/v2\/tags?post=10497"}],"curies":[{"name":"wp","href":"https:\/\/api.w.org\/{rel}","templated":true}]}}