{"id":10324,"date":"2025-06-01T22:10:39","date_gmt":"2025-06-01T20:10:39","guid":{"rendered":"https:\/\/sp22.pl\/nowa\/?p=10324"},"modified":"2025-10-18T09:13:08","modified_gmt":"2025-10-18T07:13:08","slug":"10324","status":"publish","type":"post","link":"https:\/\/sp22.pl\/nowa\/index.php\/2025\/06\/01\/10324\/","title":{"rendered":"XIX Festyn Rodzinny za nami&#8230;"},"content":{"rendered":"<p><span style=\"color: #000000;\">Festyn Rodzinny \u2013 \u201e\u017byj zdrowo i kolorowo\u201d<\/span><\/p>\n<p><span style=\"color: #000000;\">31 maja odby\u0142a si\u0119 kolejna edycja Festynu Rodzinnego, organizowanego w ramach Mi\u0119dzynarodowego Dnia Rodziny.<\/span><\/p>\n<p><span style=\"color: #000000;\">Podczas Festynu Nauczyciele, wraz ze swoimi wychowankami, przygotowali dla uczni\u00f3w i ca\u0142ej spo\u0142eczno\u015bci osiedla wiele aktywno\u015bci propaguj\u0105cych proekologiczny styl \u017cycia z uwzgl\u0119dnieniem dba\u0142o\u015bci o \u015brodowisko lokalne.<\/span><\/p>\n<p><span style=\"color: #000000;\">Dzieci uczestniczy\u0142y w aktywno\u015bciach plastycznych, przyrodniczych a tak\u017ce grach i zabawach o charakterze rekreacyjnym oraz sportowym. Przygotowane aktywno\u015bci mia\u0142y na celu pobudzenie ciekawo\u015bci i kreatywno\u015bci dzieci oraz \u015bwietn\u0105 wsp\u00f3ln\u0105 zabaw\u0119.<\/span><\/p>\n<p><span style=\"color: #000000;\">Ca\u0142\u0105 imprez\u0119 u\u015bwietni\u0142y wyst\u0119py szkolnego ch\u00f3ru Tu \u2013 Tu. Podczas festynu odby\u0142o si\u0119 rozstrzygni\u0119cie Konkursu Multimedialnego, Powiatowego Konkursu z J\u0119zyka Angielskiego \u201eThe Smarters Brain Twister\u201d oraz konkursu \u201eWiosenna dekoracja\u201d w klasach I-III.<\/span><\/p>\n<p><span style=\"color: #000000;\">Nie zabrak\u0142o r\u00f3wnie\u017c przegl\u0105du szkolnych, dzieci\u0119cych talent\u00f3w. To w\u0142a\u015bnie Talentaria, i ich spektakularny fina\u0142, zako\u0144czy\u0142y nasz\u0105 sobotni\u0105 imprez\u0119.<\/span><\/p>\n<p><span style=\"color: #000000;\">By\u0142o weso\u0142o i kolorowo&#8230;.<\/span><\/p>\n<p><span style=\"color: #000000;\">Dzia\u0142o si\u0119, dzia\u0142o&#8230;<\/span><\/p>\nngg_shortcode_0_placeholder\n<p><em><span style=\"color: #000000;\">Koordynator przedsi\u0119wzi\u0119cia: Agnieszka Szypszak, Anna Werner, Mariusz \u0141akomski<\/span><\/em><\/p>\n<p><em><span style=\"color: #000000;\">Opracowanie materia\u0142u: Anna Werner<\/span><\/em><\/p>\n<p>&nbsp;<\/p>\n<p><span style=\"color: #000000;\">Pisz\u0105 o Nas tu i tam&#8230;<\/span><\/p>\n<p><span style=\"color: #000000;\"><em>\u017ar\u00f3d\u0142o: Tygodnik P\u0142ocki&nbsp;<\/em><\/span><\/p>\n<p><span style=\"color: #000000;\"><a style=\"color: #000000;\" href=\"https:\/\/tp.com.pl\/artykul\/uczniowie-przyszli-w-n1709180\">Tygodnik P\u0142ocki o naszym festynie&#8230;&nbsp;<\/a><\/span><\/p>\n<p><span style=\"color: #000000;\"><em>\u017ar\u00f3d\u0142o: Portal P\u0142ock<\/em><\/span><\/p>\n<p><span style=\"color: #000000;\"><a style=\"color: #000000;\" href=\"https:\/\/portalplock.pl\/wiadomosci\/zabawa-usmiech-i-wiele-atrakcji-festyn-rodzinny-w-plocku-zdjecia\/iDoEr4eODei47H4NFfrY\">Portal P\u0142ock r\u00f3wnie\u017c by\u0142 z nami&#8230;<\/a><\/span><\/p>\n<p>&nbsp;<\/p>\n","protected":false},"excerpt":{"rendered":"<p>&#46;&#46;&#46;<\/p>\n","protected":false},"author":4,"featured_media":10373,"comment_status":"open","ping_status":"open","sticky":false,"template":"","format":"standard","meta":{"ngg_post_thumbnail":0,"footnotes":""},"categories":[1],"tags":[],"class_list":["post-10324","post","type-post","status-publish","format-standard","has-post-thumbnail","hentry","category-wiadomosci"],"_links":{"self":[{"href":"https:\/\/sp22.pl\/nowa\/index.php\/wp-json\/wp\/v2\/posts\/10324","targetHints":{"allow":["GET"]}}],"collection":[{"href":"https:\/\/sp22.pl\/nowa\/index.php\/wp-json\/wp\/v2\/posts"}],"about":[{"href":"https:\/\/sp22.pl\/nowa\/index.php\/wp-json\/wp\/v2\/types\/post"}],"author":[{"embeddable":true,"href":"https:\/\/sp22.pl\/nowa\/index.php\/wp-json\/wp\/v2\/users\/4"}],"replies":[{"embeddable":true,"href":"https:\/\/sp22.pl\/nowa\/index.php\/wp-json\/wp\/v2\/comments?post=10324"}],"version-history":[{"count":16,"href":"https:\/\/sp22.pl\/nowa\/index.php\/wp-json\/wp\/v2\/posts\/10324\/revisions"}],"predecessor-version":[{"id":11924,"href":"https:\/\/sp22.pl\/nowa\/index.php\/wp-json\/wp\/v2\/posts\/10324\/revisions\/11924"}],"wp:featuredmedia":[{"embeddable":true,"href":"https:\/\/sp22.pl\/nowa\/index.php\/wp-json\/wp\/v2\/media\/10373"}],"wp:attachment":[{"href":"https:\/\/sp22.pl\/nowa\/index.php\/wp-json\/wp\/v2\/media?parent=10324"}],"wp:term":[{"taxonomy":"category","embeddable":true,"href":"https:\/\/sp22.pl\/nowa\/index.php\/wp-json\/wp\/v2\/categories?post=10324"},{"taxonomy":"post_tag","embeddable":true,"href":"https:\/\/sp22.pl\/nowa\/index.php\/wp-json\/wp\/v2\/tags?post=10324"}],"curies":[{"name":"wp","href":"https:\/\/api.w.org\/{rel}","templated":true}]}}