{"id":10130,"date":"2025-05-15T15:10:44","date_gmt":"2025-05-15T13:10:44","guid":{"rendered":"https:\/\/sp22.pl\/nowa\/?p=10130"},"modified":"2025-05-18T18:07:22","modified_gmt":"2025-05-18T16:07:22","slug":"i-miejsce-w-ogolnopolskim-konkursie-czytelniczo-fotograficznym-czytam-bo-lubie","status":"publish","type":"post","link":"https:\/\/sp22.pl\/nowa\/index.php\/2025\/05\/15\/i-miejsce-w-ogolnopolskim-konkursie-czytelniczo-fotograficznym-czytam-bo-lubie\/","title":{"rendered":"I miejsce w Og\u00f3lnopolskim Konkursie Czytelniczo-Fotograficznym \u201eCzytam, bo lubi\u0119!\u201d"},"content":{"rendered":"<p><span style=\"font-family: Arial, sans-serif; color: #000000;\">Z rado\u015bci\u0105 informujemy, \u017ce ucze\u0144 naszej szko\u0142y \u2013 Igor Jeziorski z kl. 6f zdoby\u0142 I miejsce w II edycji Og\u00f3lnopolskiego Konkursu Czytelniczo-Fotograficznego \u201eCzytam, bo lubi\u0119!\u201d organizowanym przez Bibliotek\u0119 Pedagogiczn\u0105 w Ostro\u0142\u0119ce.<\/span><\/p>\n<p><span style=\"font-family: Arial, sans-serif; color: #000000;\">Zadanie konkursowe polega\u0142o na samodzielnym wykonaniu fotografii cyfrowej, promuj\u0105cej czytelnictwo. Nasz\u0105 szko\u0142\u0119 reprezentowa\u0142y praca Dominika Michalaka z kl. 6c oraz w\u0142a\u015bnie nagrodzona praca Igora.<\/span><\/p>\n<p><span style=\"font-family: Arial, sans-serif; color: #000000;\">Celem konkursu by\u0142o upowszechnianie i popularyzacja czytelnictwa w\u015br\u00f3d dzieci i m\u0142odzie\u017cy, rozwijanie kreatywno\u015bci i inwencji tw\u00f3rczej oraz zainteresowa\u0144 czytelniczych i fotograficznych uczni\u00f3w.<\/span><\/p>\n<p><span style=\"font-family: Arial, sans-serif; color: #000000;\">Serdecznie gratulujemy sukcesu!<\/span><\/p>\n<p><em><span style=\"font-family: Arial, sans-serif; color: #000000;\">Opracowanie materia\u0142u: Beata Michalak<\/span><\/em><\/p>\n<p><img loading=\"lazy\" decoding=\"async\" class=\"size-medium wp-image-10131 alignleft\" src=\"https:\/\/sp22.pl\/nowa\/wp-content\/uploads\/2025\/05\/01_konkurs_czytam_bo_lubie_2024_2025-216x300.jpg\" alt=\"Dyplom dla Igora Jeziorskiego za zaj\u0119cie I miejsca podpisany przez juror\u00f3w konkursu &quot;Czytam, bo lubi\u0119&quot; na kolorowym tle\" width=\"216\" height=\"300\" srcset=\"https:\/\/sp22.pl\/nowa\/wp-content\/uploads\/2025\/05\/01_konkurs_czytam_bo_lubie_2024_2025-216x300.jpg 216w, https:\/\/sp22.pl\/nowa\/wp-content\/uploads\/2025\/05\/01_konkurs_czytam_bo_lubie_2024_2025-737x1024.jpg 737w, https:\/\/sp22.pl\/nowa\/wp-content\/uploads\/2025\/05\/01_konkurs_czytam_bo_lubie_2024_2025.jpg 740w\" sizes=\"auto, (max-width: 216px) 100vw, 216px\" \/> <img loading=\"lazy\" decoding=\"async\" class=\"size-medium wp-image-10132 alignleft\" src=\"https:\/\/sp22.pl\/nowa\/wp-content\/uploads\/2025\/05\/02_konkurs_czytam_bo_lubie_2024_2025-225x300.jpg\" alt=\"Fotografia konkursowa Igora przedstawij\u0105ca otwart\u0105 ksi\u0105\u017ck\u0119 a tle dziewczyn\u0119 na zachodz\u0105cym s\u0142o\u0144cu\" width=\"225\" height=\"300\" srcset=\"https:\/\/sp22.pl\/nowa\/wp-content\/uploads\/2025\/05\/02_konkurs_czytam_bo_lubie_2024_2025-225x300.jpg 225w, https:\/\/sp22.pl\/nowa\/wp-content\/uploads\/2025\/05\/02_konkurs_czytam_bo_lubie_2024_2025-768x1024.jpg 768w, https:\/\/sp22.pl\/nowa\/wp-content\/uploads\/2025\/05\/02_konkurs_czytam_bo_lubie_2024_2025.jpg 771w\" sizes=\"auto, (max-width: 225px) 100vw, 225px\" \/><img loading=\"lazy\" decoding=\"async\" class=\"size-medium wp-image-10133 alignleft\" src=\"https:\/\/sp22.pl\/nowa\/wp-content\/uploads\/2025\/05\/03_konkurs_czytam_bo_lubie_2024_2025-211x300.jpg\" alt=\"Fotografia konkursowa Dominika przestawiaj\u0105ca ucznia le\u017c\u0105cego na \u0142\u00f3\u017cku przykrytego r\u00f3\u017cnymi ksi\u0105\u017ckami\" width=\"211\" height=\"300\" srcset=\"https:\/\/sp22.pl\/nowa\/wp-content\/uploads\/2025\/05\/03_konkurs_czytam_bo_lubie_2024_2025-211x300.jpg 211w, https:\/\/sp22.pl\/nowa\/wp-content\/uploads\/2025\/05\/03_konkurs_czytam_bo_lubie_2024_2025-719x1024.jpg 719w, https:\/\/sp22.pl\/nowa\/wp-content\/uploads\/2025\/05\/03_konkurs_czytam_bo_lubie_2024_2025.jpg 722w\" sizes=\"auto, (max-width: 211px) 100vw, 211px\" \/><\/p>\n","protected":false},"excerpt":{"rendered":"<p>&#46;&#46;&#46;<\/p>\n","protected":false},"author":8,"featured_media":10144,"comment_status":"open","ping_status":"open","sticky":false,"template":"","format":"standard","meta":{"ngg_post_thumbnail":0,"footnotes":""},"categories":[1],"tags":[],"class_list":["post-10130","post","type-post","status-publish","format-standard","has-post-thumbnail","hentry","category-wiadomosci"],"_links":{"self":[{"href":"https:\/\/sp22.pl\/nowa\/index.php\/wp-json\/wp\/v2\/posts\/10130","targetHints":{"allow":["GET"]}}],"collection":[{"href":"https:\/\/sp22.pl\/nowa\/index.php\/wp-json\/wp\/v2\/posts"}],"about":[{"href":"https:\/\/sp22.pl\/nowa\/index.php\/wp-json\/wp\/v2\/types\/post"}],"author":[{"embeddable":true,"href":"https:\/\/sp22.pl\/nowa\/index.php\/wp-json\/wp\/v2\/users\/8"}],"replies":[{"embeddable":true,"href":"https:\/\/sp22.pl\/nowa\/index.php\/wp-json\/wp\/v2\/comments?post=10130"}],"version-history":[{"count":9,"href":"https:\/\/sp22.pl\/nowa\/index.php\/wp-json\/wp\/v2\/posts\/10130\/revisions"}],"predecessor-version":[{"id":10185,"href":"https:\/\/sp22.pl\/nowa\/index.php\/wp-json\/wp\/v2\/posts\/10130\/revisions\/10185"}],"wp:featuredmedia":[{"embeddable":true,"href":"https:\/\/sp22.pl\/nowa\/index.php\/wp-json\/wp\/v2\/media\/10144"}],"wp:attachment":[{"href":"https:\/\/sp22.pl\/nowa\/index.php\/wp-json\/wp\/v2\/media?parent=10130"}],"wp:term":[{"taxonomy":"category","embeddable":true,"href":"https:\/\/sp22.pl\/nowa\/index.php\/wp-json\/wp\/v2\/categories?post=10130"},{"taxonomy":"post_tag","embeddable":true,"href":"https:\/\/sp22.pl\/nowa\/index.php\/wp-json\/wp\/v2\/tags?post=10130"}],"curies":[{"name":"wp","href":"https:\/\/api.w.org\/{rel}","templated":true}]}}